{"id":173,"date":"2011-05-19T11:09:24","date_gmt":"2011-05-19T11:09:24","guid":{"rendered":"http:\/\/tierrechtsbund-aktiv.de\/wp\/?p=173"},"modified":"2021-04-02T16:58:01","modified_gmt":"2021-04-02T16:58:01","slug":"tnz-mai-2011","status":"publish","type":"post","link":"http:\/\/tierrechtsbund-aktiv.de\/wp\/?p=173","title":{"rendered":"TNZ Mai 2011"},"content":{"rendered":"\n<iframe loading=\"lazy\" src=\"http:\/\/www.tierrechtsbund-aktiv.de\/new\/video\/flashvideoplayer.html?video=tnz_0511.flv\" scrolling=\"no\" width=\"450\" frameborder=\"0\" height=\"400\"><\/iframe>\n\n\n\n<p class=\"wp-block-paragraph\">In dieser Ausgabe berichten wir \u00fcber den Wanderfalkenschutz in Norddeutschland, wir waren in Hamburg auf der fantastischen Gro\u00dfdemo der \u00c4rzte gegen Tierversuche, auf der Gro\u00dfdemo \u201eDeine Stimme den Stimmlosen\u201c in K\u00f6ln, wo wir Dr. Haferbeck wiedergetroffen haben, der uns \u00fcber den neuesten Heidemark-Skandal unterrichtete und haben in Sandstedt etwas \u00fcber den Schutz des Wei\u00dfstorches gelernt.<\/p>\n\n\n\n<p class=\"wp-block-paragraph\">Wie immer gibt es einen Bericht aus Offenwarden, News, Tipps vom Tierarzt und unser Chefsatiriker Heinz Brobaschinsky war grillen<\/p>\n","protected":false},"excerpt":{"rendered":"<p>In dieser Ausgabe berichten wir \u00fcber den Wanderfalkenschutz in Norddeutschland, wir waren in Hamburg auf der fantastischen Gro\u00dfdemo der \u00c4rzte gegen Tierversuche, auf der Gro\u00dfdemo &hellip; <\/p>\n","protected":false},"author":1,"featured_media":171,"comment_status":"closed","ping_status":"open","sticky":false,"template":"","format":"standard","meta":{"_crdt_document":"","footnotes":""},"categories":[7,3],"tags":[],"class_list":["post-173","post","type-post","status-publish","format-standard","has-post-thumbnail","hentry","category-tnz","category-news"],"_links":{"self":[{"href":"http:\/\/tierrechtsbund-aktiv.de\/wp\/index.php?rest_route=\/wp\/v2\/posts\/173","targetHints":{"allow":["GET"]}}],"collection":[{"href":"http:\/\/tierrechtsbund-aktiv.de\/wp\/index.php?rest_route=\/wp\/v2\/posts"}],"about":[{"href":"http:\/\/tierrechtsbund-aktiv.de\/wp\/index.php?rest_route=\/wp\/v2\/types\/post"}],"author":[{"embeddable":true,"href":"http:\/\/tierrechtsbund-aktiv.de\/wp\/index.php?rest_route=\/wp\/v2\/users\/1"}],"replies":[{"embeddable":true,"href":"http:\/\/tierrechtsbund-aktiv.de\/wp\/index.php?rest_route=%2Fwp%2Fv2%2Fcomments&post=173"}],"version-history":[{"count":3,"href":"http:\/\/tierrechtsbund-aktiv.de\/wp\/index.php?rest_route=\/wp\/v2\/posts\/173\/revisions"}],"predecessor-version":[{"id":176,"href":"http:\/\/tierrechtsbund-aktiv.de\/wp\/index.php?rest_route=\/wp\/v2\/posts\/173\/revisions\/176"}],"wp:featuredmedia":[{"embeddable":true,"href":"http:\/\/tierrechtsbund-aktiv.de\/wp\/index.php?rest_route=\/wp\/v2\/media\/171"}],"wp:attachment":[{"href":"http:\/\/tierrechtsbund-aktiv.de\/wp\/index.php?rest_route=%2Fwp%2Fv2%2Fmedia&parent=173"}],"wp:term":[{"taxonomy":"category","embeddable":true,"href":"http:\/\/tierrechtsbund-aktiv.de\/wp\/index.php?rest_route=%2Fwp%2Fv2%2Fcategories&post=173"},{"taxonomy":"post_tag","embeddable":true,"href":"http:\/\/tierrechtsbund-aktiv.de\/wp\/index.php?rest_route=%2Fwp%2Fv2%2Ftags&post=173"}],"curies":[{"name":"wp","href":"https:\/\/api.w.org\/{rel}","templated":true}]}}