{"id":189,"date":"2011-10-22T11:44:52","date_gmt":"2011-10-22T11:44:52","guid":{"rendered":"http:\/\/tierrechtsbund-aktiv.de\/wp\/?p=189"},"modified":"2021-04-02T16:57:14","modified_gmt":"2021-04-02T16:57:14","slug":"tnz-oktober-2011","status":"publish","type":"post","link":"http:\/\/tierrechtsbund-aktiv.de\/wp\/?p=189","title":{"rendered":"TNZ Oktober 2011"},"content":{"rendered":"\n<iframe loading=\"lazy\" src=\"http:\/\/www.tierrechtsbund-aktiv.de\/new\/video\/flashvideoplayer.html?video=tnz_1011.flv\" scrolling=\"no\" width=\"450\" frameborder=\"0\" height=\"400\"><\/iframe>\n\n\n\n<p class=\"wp-block-paragraph\">  Iim Oktober waren wir auf dem Bundesparteitag der Partei Mensch, Umwelt, Tierschutz.<\/p>\n\n\n\n<p class=\"wp-block-paragraph\">In Rheine hat eine von Tiersch\u00fctzern unterst\u00fctzte Projektwoche eine ganze Schule zum Nachdenken gebracht.<\/p>\n\n\n\n<p class=\"wp-block-paragraph\">In Offenwarden k\u00fcmmerte sich der Hufpfleger liebevoll um die F\u00fc\u00dfe von Warenga und Jette.<\/p>\n\n\n\n<p class=\"wp-block-paragraph\">Nat\u00fcrlich gibt es wieder Tipps vom Tierarzt, News und unser Chefsatiriker Heinz Brobaschinsky baut ein Fieberthermometer.<\/p>\n","protected":false},"excerpt":{"rendered":"<p>Iim Oktober waren wir auf dem Bundesparteitag der Partei Mensch, Umwelt, Tierschutz. In Rheine hat eine von Tiersch\u00fctzern unterst\u00fctzte Projektwoche eine ganze Schule zum Nachdenken &hellip; <\/p>\n","protected":false},"author":1,"featured_media":171,"comment_status":"closed","ping_status":"open","sticky":false,"template":"","format":"standard","meta":{"_crdt_document":"","footnotes":""},"categories":[7,3],"tags":[],"class_list":["post-189","post","type-post","status-publish","format-standard","has-post-thumbnail","hentry","category-tnz","category-news"],"_links":{"self":[{"href":"http:\/\/tierrechtsbund-aktiv.de\/wp\/index.php?rest_route=\/wp\/v2\/posts\/189","targetHints":{"allow":["GET"]}}],"collection":[{"href":"http:\/\/tierrechtsbund-aktiv.de\/wp\/index.php?rest_route=\/wp\/v2\/posts"}],"about":[{"href":"http:\/\/tierrechtsbund-aktiv.de\/wp\/index.php?rest_route=\/wp\/v2\/types\/post"}],"author":[{"embeddable":true,"href":"http:\/\/tierrechtsbund-aktiv.de\/wp\/index.php?rest_route=\/wp\/v2\/users\/1"}],"replies":[{"embeddable":true,"href":"http:\/\/tierrechtsbund-aktiv.de\/wp\/index.php?rest_route=%2Fwp%2Fv2%2Fcomments&post=189"}],"version-history":[{"count":2,"href":"http:\/\/tierrechtsbund-aktiv.de\/wp\/index.php?rest_route=\/wp\/v2\/posts\/189\/revisions"}],"predecessor-version":[{"id":191,"href":"http:\/\/tierrechtsbund-aktiv.de\/wp\/index.php?rest_route=\/wp\/v2\/posts\/189\/revisions\/191"}],"wp:featuredmedia":[{"embeddable":true,"href":"http:\/\/tierrechtsbund-aktiv.de\/wp\/index.php?rest_route=\/wp\/v2\/media\/171"}],"wp:attachment":[{"href":"http:\/\/tierrechtsbund-aktiv.de\/wp\/index.php?rest_route=%2Fwp%2Fv2%2Fmedia&parent=189"}],"wp:term":[{"taxonomy":"category","embeddable":true,"href":"http:\/\/tierrechtsbund-aktiv.de\/wp\/index.php?rest_route=%2Fwp%2Fv2%2Fcategories&post=189"},{"taxonomy":"post_tag","embeddable":true,"href":"http:\/\/tierrechtsbund-aktiv.de\/wp\/index.php?rest_route=%2Fwp%2Fv2%2Ftags&post=189"}],"curies":[{"name":"wp","href":"https:\/\/api.w.org\/{rel}","templated":true}]}}