{"id":195,"date":"2011-12-19T11:50:41","date_gmt":"2011-12-19T11:50:41","guid":{"rendered":"http:\/\/tierrechtsbund-aktiv.de\/wp\/?p=195"},"modified":"2021-04-02T16:57:00","modified_gmt":"2021-04-02T16:57:00","slug":"tnz-dezember-2011","status":"publish","type":"post","link":"http:\/\/tierrechtsbund-aktiv.de\/wp\/?p=195","title":{"rendered":"TNZ Dezember 2011"},"content":{"rendered":"\n<iframe loading=\"lazy\" src=\"http:\/\/www.tierrechtsbund-aktiv.de\/new\/video\/flashvideoplayer.html?video=tnz_1211.flv\" scrolling=\"no\" width=\"450\" frameborder=\"0\" height=\"400\"><\/iframe>\n\n\n\n<p class=\"wp-block-paragraph\">Im Dezember berichten wir \u00fcber das Hundemassaker f\u00fcr die Fussball-EM in der Ukraine, den Start der Aktion Junior, eine Aktion von Kaninchenmast Nein Danke.<\/p>\n\n\n\n<p class=\"wp-block-paragraph\">Au\u00dferdem haben wir ein Interview zum Thema Zirkus mit der Gr\u00fcnen B\u00fcrgerschaftsabgeordneten Linda Neddermann.<\/p>\n\n\n\n<p class=\"wp-block-paragraph\">Nat\u00fcrlich gibt es wieder Tipps vom Tierarzt, News, Berichte von Aktionen und unser Chefsatiriker Heinz Brobaschinsky feiert Weihnachten.<\/p>\n","protected":false},"excerpt":{"rendered":"<p>Im Dezember berichten wir \u00fcber das Hundemassaker f\u00fcr die Fussball-EM in der Ukraine, den Start der Aktion Junior, eine Aktion von Kaninchenmast Nein Danke. Au\u00dferdem &hellip; <\/p>\n","protected":false},"author":1,"featured_media":171,"comment_status":"closed","ping_status":"open","sticky":false,"template":"","format":"standard","meta":{"_crdt_document":"","footnotes":""},"categories":[7,3],"tags":[],"class_list":["post-195","post","type-post","status-publish","format-standard","has-post-thumbnail","hentry","category-tnz","category-news"],"_links":{"self":[{"href":"http:\/\/tierrechtsbund-aktiv.de\/wp\/index.php?rest_route=\/wp\/v2\/posts\/195","targetHints":{"allow":["GET"]}}],"collection":[{"href":"http:\/\/tierrechtsbund-aktiv.de\/wp\/index.php?rest_route=\/wp\/v2\/posts"}],"about":[{"href":"http:\/\/tierrechtsbund-aktiv.de\/wp\/index.php?rest_route=\/wp\/v2\/types\/post"}],"author":[{"embeddable":true,"href":"http:\/\/tierrechtsbund-aktiv.de\/wp\/index.php?rest_route=\/wp\/v2\/users\/1"}],"replies":[{"embeddable":true,"href":"http:\/\/tierrechtsbund-aktiv.de\/wp\/index.php?rest_route=%2Fwp%2Fv2%2Fcomments&post=195"}],"version-history":[{"count":2,"href":"http:\/\/tierrechtsbund-aktiv.de\/wp\/index.php?rest_route=\/wp\/v2\/posts\/195\/revisions"}],"predecessor-version":[{"id":197,"href":"http:\/\/tierrechtsbund-aktiv.de\/wp\/index.php?rest_route=\/wp\/v2\/posts\/195\/revisions\/197"}],"wp:featuredmedia":[{"embeddable":true,"href":"http:\/\/tierrechtsbund-aktiv.de\/wp\/index.php?rest_route=\/wp\/v2\/media\/171"}],"wp:attachment":[{"href":"http:\/\/tierrechtsbund-aktiv.de\/wp\/index.php?rest_route=%2Fwp%2Fv2%2Fmedia&parent=195"}],"wp:term":[{"taxonomy":"category","embeddable":true,"href":"http:\/\/tierrechtsbund-aktiv.de\/wp\/index.php?rest_route=%2Fwp%2Fv2%2Fcategories&post=195"},{"taxonomy":"post_tag","embeddable":true,"href":"http:\/\/tierrechtsbund-aktiv.de\/wp\/index.php?rest_route=%2Fwp%2Fv2%2Ftags&post=195"}],"curies":[{"name":"wp","href":"https:\/\/api.w.org\/{rel}","templated":true}]}}