{"id":198,"date":"2012-01-21T11:52:31","date_gmt":"2012-01-21T11:52:31","guid":{"rendered":"http:\/\/tierrechtsbund-aktiv.de\/wp\/?p=198"},"modified":"2021-04-02T16:56:49","modified_gmt":"2021-04-02T16:56:49","slug":"tnz-jauar-2012","status":"publish","type":"post","link":"http:\/\/tierrechtsbund-aktiv.de\/wp\/?p=198","title":{"rendered":"TNZ Januar 2012"},"content":{"rendered":"\n<iframe loading=\"lazy\" src=\"http:\/\/www.tierrechtsbund-aktiv.de\/new\/video\/flashvideoplayer.html?video=tnz_0112.flv\" scrolling=\"no\" width=\"450\" frameborder=\"0\" height=\"400\"><\/iframe>\n\n\n\n<p class=\"wp-block-paragraph\">Im Januar berichten wir \u00fcber die Demo gegen den Bremer Weihnachtszirkus.<\/p>\n\n\n\n<p class=\"wp-block-paragraph\">Wir zeigen Bunnys, die f\u00fcr Bunnys k\u00e4mpfen, die Albert Schweitzer Stiftung bescherte Schweine in einer Massentierhaltung zu Weihnachten, der Weihnachtsmann wurde Vegetarier und Aktion Tier Juninor war bei der Eichh\u00f6rnchenhilfe.<\/p>\n\n\n\n<p class=\"wp-block-paragraph\">Nat\u00fcrlich gibt es wieder Tipps vom Tierarzt, News, Berichte von Aktionen und unser Chefsatiriker Heinz Brobaschinsky br\u00e4t Puten.<\/p>\n","protected":false},"excerpt":{"rendered":"<p>Im Januar berichten wir \u00fcber die Demo gegen den Bremer Weihnachtszirkus. Wir zeigen Bunnys, die f\u00fcr Bunnys k\u00e4mpfen, die Albert Schweitzer Stiftung bescherte Schweine in &hellip; <\/p>\n","protected":false},"author":1,"featured_media":171,"comment_status":"closed","ping_status":"open","sticky":false,"template":"","format":"standard","meta":{"_crdt_document":"","footnotes":""},"categories":[7,3],"tags":[],"class_list":["post-198","post","type-post","status-publish","format-standard","has-post-thumbnail","hentry","category-tnz","category-news"],"_links":{"self":[{"href":"http:\/\/tierrechtsbund-aktiv.de\/wp\/index.php?rest_route=\/wp\/v2\/posts\/198","targetHints":{"allow":["GET"]}}],"collection":[{"href":"http:\/\/tierrechtsbund-aktiv.de\/wp\/index.php?rest_route=\/wp\/v2\/posts"}],"about":[{"href":"http:\/\/tierrechtsbund-aktiv.de\/wp\/index.php?rest_route=\/wp\/v2\/types\/post"}],"author":[{"embeddable":true,"href":"http:\/\/tierrechtsbund-aktiv.de\/wp\/index.php?rest_route=\/wp\/v2\/users\/1"}],"replies":[{"embeddable":true,"href":"http:\/\/tierrechtsbund-aktiv.de\/wp\/index.php?rest_route=%2Fwp%2Fv2%2Fcomments&post=198"}],"version-history":[{"count":3,"href":"http:\/\/tierrechtsbund-aktiv.de\/wp\/index.php?rest_route=\/wp\/v2\/posts\/198\/revisions"}],"predecessor-version":[{"id":201,"href":"http:\/\/tierrechtsbund-aktiv.de\/wp\/index.php?rest_route=\/wp\/v2\/posts\/198\/revisions\/201"}],"wp:featuredmedia":[{"embeddable":true,"href":"http:\/\/tierrechtsbund-aktiv.de\/wp\/index.php?rest_route=\/wp\/v2\/media\/171"}],"wp:attachment":[{"href":"http:\/\/tierrechtsbund-aktiv.de\/wp\/index.php?rest_route=%2Fwp%2Fv2%2Fmedia&parent=198"}],"wp:term":[{"taxonomy":"category","embeddable":true,"href":"http:\/\/tierrechtsbund-aktiv.de\/wp\/index.php?rest_route=%2Fwp%2Fv2%2Fcategories&post=198"},{"taxonomy":"post_tag","embeddable":true,"href":"http:\/\/tierrechtsbund-aktiv.de\/wp\/index.php?rest_route=%2Fwp%2Fv2%2Ftags&post=198"}],"curies":[{"name":"wp","href":"https:\/\/api.w.org\/{rel}","templated":true}]}}