{"id":71,"date":"2020-01-10T10:18:16","date_gmt":"2020-01-10T10:18:16","guid":{"rendered":"http:\/\/tierrechtsbund-aktiv.de\/wp\/?p=71"},"modified":"2021-04-04T15:21:21","modified_gmt":"2021-04-04T15:21:21","slug":"scharfe-schafe","status":"publish","type":"post","link":"http:\/\/tierrechtsbund-aktiv.de\/wp\/?p=71","title":{"rendered":"Mach&#8217;s gut Egon."},"content":{"rendered":"\n<p class=\"wp-block-paragraph\">Nach 13 sch\u00f6nen Jahren hat uns unser Schafsbock Egon leider verlassen. Nun haben wir mit P\u00fcppi und Paulina zwei neue Minischafe dazu bekommen . F\u00fcr die nun 5 Schafe war der alte Unterstand nun allerdings zu klein und auch die alte Heuraufe war nach 10 Jahren nicht mehr die sch\u00f6nste, weshalb wir einen zus\u00e4tzlichen Unterstand mit einer integrierten, wettergesch\u00fctzten Raufe gebaut haben. Um die Schafe jetzt in der Schmuddelwetterzeit davor zu sch\u00fctzen im Matsch zu versinken hat er selbstverst\u00e4ndlich einen festen Boden.<\/p>\n\n\n\n<figure class=\"wp-block-gallery aligncenter columns-3 is-cropped wp-block-gallery-1 is-layout-flex wp-block-gallery-is-layout-flex\"><ul class=\"blocks-gallery-grid\"><li class=\"blocks-gallery-item\"><figure><img loading=\"lazy\" decoding=\"async\" width=\"480\" height=\"480\" src=\"http:\/\/tierrechtsbund-aktiv.de\/wp\/wp-content\/uploads\/2021\/01\/Egon.jpg\" alt=\"\" data-id=\"83\" data-full-url=\"http:\/\/tierrechtsbund-aktiv.de\/wp\/wp-content\/uploads\/2021\/01\/Egon.jpg\" data-link=\"http:\/\/tierrechtsbund-aktiv.de\/wp\/?attachment_id=83\" class=\"wp-image-83\" srcset=\"http:\/\/tierrechtsbund-aktiv.de\/wp\/wp-content\/uploads\/2021\/01\/Egon.jpg 480w, http:\/\/tierrechtsbund-aktiv.de\/wp\/wp-content\/uploads\/2021\/01\/Egon-300x300.jpg 300w, http:\/\/tierrechtsbund-aktiv.de\/wp\/wp-content\/uploads\/2021\/01\/Egon-100x100.jpg 100w, http:\/\/tierrechtsbund-aktiv.de\/wp\/wp-content\/uploads\/2021\/01\/Egon-150x150.jpg 150w\" sizes=\"auto, (max-width: 480px) 100vw, 480px\" \/><\/figure><\/li><li class=\"blocks-gallery-item\"><figure><img loading=\"lazy\" decoding=\"async\" width=\"640\" height=\"480\" src=\"http:\/\/tierrechtsbund-aktiv.de\/wp\/wp-content\/uploads\/2021\/01\/Egon2.jpg\" alt=\"\" data-id=\"82\" data-full-url=\"http:\/\/tierrechtsbund-aktiv.de\/wp\/wp-content\/uploads\/2021\/01\/Egon2.jpg\" data-link=\"http:\/\/tierrechtsbund-aktiv.de\/wp\/?attachment_id=82\" class=\"wp-image-82\" srcset=\"http:\/\/tierrechtsbund-aktiv.de\/wp\/wp-content\/uploads\/2021\/01\/Egon2.jpg 640w, http:\/\/tierrechtsbund-aktiv.de\/wp\/wp-content\/uploads\/2021\/01\/Egon2-600x450.jpg 600w, http:\/\/tierrechtsbund-aktiv.de\/wp\/wp-content\/uploads\/2021\/01\/Egon2-300x225.jpg 300w\" sizes=\"auto, (max-width: 640px) 100vw, 640px\" \/><\/figure><\/li><li class=\"blocks-gallery-item\"><figure><img loading=\"lazy\" decoding=\"async\" width=\"640\" height=\"480\" src=\"http:\/\/tierrechtsbund-aktiv.de\/wp\/wp-content\/uploads\/2021\/01\/Minischafe2.jpg\" alt=\"\" data-id=\"79\" data-full-url=\"http:\/\/tierrechtsbund-aktiv.de\/wp\/wp-content\/uploads\/2021\/01\/Minischafe2.jpg\" data-link=\"http:\/\/tierrechtsbund-aktiv.de\/wp\/?attachment_id=79\" class=\"wp-image-79\" srcset=\"http:\/\/tierrechtsbund-aktiv.de\/wp\/wp-content\/uploads\/2021\/01\/Minischafe2.jpg 640w, http:\/\/tierrechtsbund-aktiv.de\/wp\/wp-content\/uploads\/2021\/01\/Minischafe2-600x450.jpg 600w, http:\/\/tierrechtsbund-aktiv.de\/wp\/wp-content\/uploads\/2021\/01\/Minischafe2-300x225.jpg 300w\" sizes=\"auto, (max-width: 640px) 100vw, 640px\" \/><\/figure><\/li><li class=\"blocks-gallery-item\"><figure><img loading=\"lazy\" decoding=\"async\" width=\"640\" height=\"480\" src=\"http:\/\/tierrechtsbund-aktiv.de\/wp\/wp-content\/uploads\/2021\/01\/minischafe.jpg\" alt=\"\" data-id=\"80\" data-full-url=\"http:\/\/tierrechtsbund-aktiv.de\/wp\/wp-content\/uploads\/2021\/01\/minischafe.jpg\" data-link=\"http:\/\/tierrechtsbund-aktiv.de\/wp\/?attachment_id=80\" class=\"wp-image-80\" srcset=\"http:\/\/tierrechtsbund-aktiv.de\/wp\/wp-content\/uploads\/2021\/01\/minischafe.jpg 640w, http:\/\/tierrechtsbund-aktiv.de\/wp\/wp-content\/uploads\/2021\/01\/minischafe-600x450.jpg 600w, http:\/\/tierrechtsbund-aktiv.de\/wp\/wp-content\/uploads\/2021\/01\/minischafe-300x225.jpg 300w\" sizes=\"auto, (max-width: 640px) 100vw, 640px\" \/><\/figure><\/li><li class=\"blocks-gallery-item\"><figure><img loading=\"lazy\" decoding=\"async\" width=\"640\" height=\"480\" src=\"http:\/\/tierrechtsbund-aktiv.de\/wp\/wp-content\/uploads\/2021\/01\/Alleschafe.jpg\" alt=\"\" data-id=\"81\" data-full-url=\"http:\/\/tierrechtsbund-aktiv.de\/wp\/wp-content\/uploads\/2021\/01\/Alleschafe.jpg\" data-link=\"http:\/\/tierrechtsbund-aktiv.de\/wp\/?attachment_id=81\" class=\"wp-image-81\" srcset=\"http:\/\/tierrechtsbund-aktiv.de\/wp\/wp-content\/uploads\/2021\/01\/Alleschafe.jpg 640w, http:\/\/tierrechtsbund-aktiv.de\/wp\/wp-content\/uploads\/2021\/01\/Alleschafe-600x450.jpg 600w, http:\/\/tierrechtsbund-aktiv.de\/wp\/wp-content\/uploads\/2021\/01\/Alleschafe-300x225.jpg 300w\" sizes=\"auto, (max-width: 640px) 100vw, 640px\" \/><\/figure><\/li><li class=\"blocks-gallery-item\"><figure><img loading=\"lazy\" decoding=\"async\" width=\"640\" height=\"480\" src=\"http:\/\/tierrechtsbund-aktiv.de\/wp\/wp-content\/uploads\/2021\/01\/Schafstallneu2.jpg\" alt=\"\" data-id=\"72\" data-full-url=\"http:\/\/tierrechtsbund-aktiv.de\/wp\/wp-content\/uploads\/2021\/01\/Schafstallneu2.jpg\" data-link=\"http:\/\/tierrechtsbund-aktiv.de\/wp\/?attachment_id=72\" class=\"wp-image-72\" srcset=\"http:\/\/tierrechtsbund-aktiv.de\/wp\/wp-content\/uploads\/2021\/01\/Schafstallneu2.jpg 640w, http:\/\/tierrechtsbund-aktiv.de\/wp\/wp-content\/uploads\/2021\/01\/Schafstallneu2-600x450.jpg 600w, http:\/\/tierrechtsbund-aktiv.de\/wp\/wp-content\/uploads\/2021\/01\/Schafstallneu2-300x225.jpg 300w\" sizes=\"auto, (max-width: 640px) 100vw, 640px\" \/><\/figure><\/li><li class=\"blocks-gallery-item\"><figure><img loading=\"lazy\" decoding=\"async\" width=\"640\" height=\"480\" src=\"http:\/\/tierrechtsbund-aktiv.de\/wp\/wp-content\/uploads\/2021\/01\/schafstallneu.jpg\" alt=\"\" data-id=\"73\" data-full-url=\"http:\/\/tierrechtsbund-aktiv.de\/wp\/wp-content\/uploads\/2021\/01\/schafstallneu.jpg\" data-link=\"http:\/\/tierrechtsbund-aktiv.de\/wp\/?attachment_id=73\" class=\"wp-image-73\" srcset=\"http:\/\/tierrechtsbund-aktiv.de\/wp\/wp-content\/uploads\/2021\/01\/schafstallneu.jpg 640w, http:\/\/tierrechtsbund-aktiv.de\/wp\/wp-content\/uploads\/2021\/01\/schafstallneu-600x450.jpg 600w, http:\/\/tierrechtsbund-aktiv.de\/wp\/wp-content\/uploads\/2021\/01\/schafstallneu-300x225.jpg 300w\" sizes=\"auto, (max-width: 640px) 100vw, 640px\" \/><\/figure><\/li><li class=\"blocks-gallery-item\"><figure><img loading=\"lazy\" decoding=\"async\" width=\"640\" height=\"480\" src=\"http:\/\/tierrechtsbund-aktiv.de\/wp\/wp-content\/uploads\/2021\/01\/Schafstall8.jpg\" alt=\"\" data-id=\"74\" data-full-url=\"http:\/\/tierrechtsbund-aktiv.de\/wp\/wp-content\/uploads\/2021\/01\/Schafstall8.jpg\" data-link=\"http:\/\/tierrechtsbund-aktiv.de\/wp\/?attachment_id=74\" class=\"wp-image-74\" srcset=\"http:\/\/tierrechtsbund-aktiv.de\/wp\/wp-content\/uploads\/2021\/01\/Schafstall8.jpg 640w, http:\/\/tierrechtsbund-aktiv.de\/wp\/wp-content\/uploads\/2021\/01\/Schafstall8-600x450.jpg 600w, http:\/\/tierrechtsbund-aktiv.de\/wp\/wp-content\/uploads\/2021\/01\/Schafstall8-300x225.jpg 300w\" sizes=\"auto, (max-width: 640px) 100vw, 640px\" \/><\/figure><\/li><li class=\"blocks-gallery-item\"><figure><img loading=\"lazy\" decoding=\"async\" width=\"640\" height=\"480\" src=\"http:\/\/tierrechtsbund-aktiv.de\/wp\/wp-content\/uploads\/2021\/01\/Schafstall7-1.jpg\" alt=\"\" data-id=\"75\" data-full-url=\"http:\/\/tierrechtsbund-aktiv.de\/wp\/wp-content\/uploads\/2021\/01\/Schafstall7-1.jpg\" data-link=\"http:\/\/tierrechtsbund-aktiv.de\/wp\/?attachment_id=75\" class=\"wp-image-75\" srcset=\"http:\/\/tierrechtsbund-aktiv.de\/wp\/wp-content\/uploads\/2021\/01\/Schafstall7-1.jpg 640w, http:\/\/tierrechtsbund-aktiv.de\/wp\/wp-content\/uploads\/2021\/01\/Schafstall7-1-600x450.jpg 600w, http:\/\/tierrechtsbund-aktiv.de\/wp\/wp-content\/uploads\/2021\/01\/Schafstall7-1-300x225.jpg 300w\" sizes=\"auto, (max-width: 640px) 100vw, 640px\" \/><\/figure><\/li><li class=\"blocks-gallery-item\"><figure><img loading=\"lazy\" decoding=\"async\" width=\"640\" height=\"480\" src=\"http:\/\/tierrechtsbund-aktiv.de\/wp\/wp-content\/uploads\/2021\/01\/Schafstall7.jpg\" alt=\"\" data-id=\"76\" data-full-url=\"http:\/\/tierrechtsbund-aktiv.de\/wp\/wp-content\/uploads\/2021\/01\/Schafstall7.jpg\" data-link=\"http:\/\/tierrechtsbund-aktiv.de\/wp\/?attachment_id=76\" class=\"wp-image-76\" srcset=\"http:\/\/tierrechtsbund-aktiv.de\/wp\/wp-content\/uploads\/2021\/01\/Schafstall7.jpg 640w, http:\/\/tierrechtsbund-aktiv.de\/wp\/wp-content\/uploads\/2021\/01\/Schafstall7-600x450.jpg 600w, http:\/\/tierrechtsbund-aktiv.de\/wp\/wp-content\/uploads\/2021\/01\/Schafstall7-300x225.jpg 300w\" sizes=\"auto, (max-width: 640px) 100vw, 640px\" \/><\/figure><\/li><li class=\"blocks-gallery-item\"><figure><img loading=\"lazy\" decoding=\"async\" width=\"640\" height=\"480\" src=\"http:\/\/tierrechtsbund-aktiv.de\/wp\/wp-content\/uploads\/2021\/01\/Schafstall6.jpg\" alt=\"\" data-id=\"77\" data-full-url=\"http:\/\/tierrechtsbund-aktiv.de\/wp\/wp-content\/uploads\/2021\/01\/Schafstall6.jpg\" data-link=\"http:\/\/tierrechtsbund-aktiv.de\/wp\/?attachment_id=77\" class=\"wp-image-77\" srcset=\"http:\/\/tierrechtsbund-aktiv.de\/wp\/wp-content\/uploads\/2021\/01\/Schafstall6.jpg 640w, http:\/\/tierrechtsbund-aktiv.de\/wp\/wp-content\/uploads\/2021\/01\/Schafstall6-600x450.jpg 600w, http:\/\/tierrechtsbund-aktiv.de\/wp\/wp-content\/uploads\/2021\/01\/Schafstall6-300x225.jpg 300w\" sizes=\"auto, (max-width: 640px) 100vw, 640px\" \/><\/figure><\/li><li class=\"blocks-gallery-item\"><figure><img loading=\"lazy\" decoding=\"async\" width=\"640\" height=\"480\" src=\"http:\/\/tierrechtsbund-aktiv.de\/wp\/wp-content\/uploads\/2021\/01\/schafstall5.jpg\" alt=\"\" data-id=\"78\" data-full-url=\"http:\/\/tierrechtsbund-aktiv.de\/wp\/wp-content\/uploads\/2021\/01\/schafstall5.jpg\" data-link=\"http:\/\/tierrechtsbund-aktiv.de\/wp\/?attachment_id=78\" class=\"wp-image-78\" srcset=\"http:\/\/tierrechtsbund-aktiv.de\/wp\/wp-content\/uploads\/2021\/01\/schafstall5.jpg 640w, http:\/\/tierrechtsbund-aktiv.de\/wp\/wp-content\/uploads\/2021\/01\/schafstall5-600x450.jpg 600w, http:\/\/tierrechtsbund-aktiv.de\/wp\/wp-content\/uploads\/2021\/01\/schafstall5-300x225.jpg 300w\" sizes=\"auto, (max-width: 640px) 100vw, 640px\" \/><\/figure><\/li><\/ul><\/figure>\n\n\n\n<p class=\"wp-block-paragraph\"><\/p>\n","protected":false},"excerpt":{"rendered":"<p>Nach 13 sch\u00f6nen Jahren hat uns unser Schafsbock Egon leider verlassen. Nun haben wir mit P\u00fcppi und Paulina zwei neue Minischafe dazu bekommen . F\u00fcr &hellip; <\/p>\n","protected":false},"author":1,"featured_media":83,"comment_status":"closed","ping_status":"closed","sticky":false,"template":"","format":"standard","meta":{"_crdt_document":"","footnotes":""},"categories":[3,24,6],"tags":[],"class_list":["post-71","post","type-post","status-publish","format-standard","has-post-thumbnail","hentry","category-news","category-tierrechtszentrum","category-mbw"],"_links":{"self":[{"href":"http:\/\/tierrechtsbund-aktiv.de\/wp\/index.php?rest_route=\/wp\/v2\/posts\/71","targetHints":{"allow":["GET"]}}],"collection":[{"href":"http:\/\/tierrechtsbund-aktiv.de\/wp\/index.php?rest_route=\/wp\/v2\/posts"}],"about":[{"href":"http:\/\/tierrechtsbund-aktiv.de\/wp\/index.php?rest_route=\/wp\/v2\/types\/post"}],"author":[{"embeddable":true,"href":"http:\/\/tierrechtsbund-aktiv.de\/wp\/index.php?rest_route=\/wp\/v2\/users\/1"}],"replies":[{"embeddable":true,"href":"http:\/\/tierrechtsbund-aktiv.de\/wp\/index.php?rest_route=%2Fwp%2Fv2%2Fcomments&post=71"}],"version-history":[{"count":2,"href":"http:\/\/tierrechtsbund-aktiv.de\/wp\/index.php?rest_route=\/wp\/v2\/posts\/71\/revisions"}],"predecessor-version":[{"id":970,"href":"http:\/\/tierrechtsbund-aktiv.de\/wp\/index.php?rest_route=\/wp\/v2\/posts\/71\/revisions\/970"}],"wp:featuredmedia":[{"embeddable":true,"href":"http:\/\/tierrechtsbund-aktiv.de\/wp\/index.php?rest_route=\/wp\/v2\/media\/83"}],"wp:attachment":[{"href":"http:\/\/tierrechtsbund-aktiv.de\/wp\/index.php?rest_route=%2Fwp%2Fv2%2Fmedia&parent=71"}],"wp:term":[{"taxonomy":"category","embeddable":true,"href":"http:\/\/tierrechtsbund-aktiv.de\/wp\/index.php?rest_route=%2Fwp%2Fv2%2Fcategories&post=71"},{"taxonomy":"post_tag","embeddable":true,"href":"http:\/\/tierrechtsbund-aktiv.de\/wp\/index.php?rest_route=%2Fwp%2Fv2%2Ftags&post=71"}],"curies":[{"name":"wp","href":"https:\/\/api.w.org\/{rel}","templated":true}]}}