{"id":753,"date":"2020-03-31T18:29:00","date_gmt":"2020-03-31T18:29:00","guid":{"rendered":"http:\/\/tierrechtsbund-aktiv.de\/wp\/?p=753"},"modified":"2021-04-02T18:31:31","modified_gmt":"2021-04-02T18:31:31","slug":"dekopferde","status":"publish","type":"post","link":"http:\/\/tierrechtsbund-aktiv.de\/wp\/?p=753","title":{"rendered":"Dekopferde"},"content":{"rendered":"\n<p class=\"wp-block-paragraph\">Die Winterst\u00fcrme hatten unter anderem auch eins der Dekopferde an unserem Offenstall demontiert und zerst\u00f6rt. Unser ehrenamtlicher Helfer Ali hat sich bereit erkl\u00e4rt uns in seiner Freizeit ein neues zu bauen. Bei der feierlichen Montage des Holzpferdes konnte er leider nicht dabei sein. Wir m\u00f6chten uns f\u00fcr seinen Einsatz bedanken.<\/p>\n\n\n\n<figure class=\"wp-block-gallery columns-3 is-cropped wp-block-gallery-1 is-layout-flex wp-block-gallery-is-layout-flex\"><ul class=\"blocks-gallery-grid\"><li class=\"blocks-gallery-item\"><figure><img loading=\"lazy\" decoding=\"async\" width=\"960\" height=\"720\" src=\"http:\/\/tierrechtsbund-aktiv.de\/wp\/wp-content\/uploads\/2021\/04\/91262177_3935995129775933_2051139091939983360_n.jpg\" alt=\"\" data-id=\"754\" data-full-url=\"http:\/\/tierrechtsbund-aktiv.de\/wp\/wp-content\/uploads\/2021\/04\/91262177_3935995129775933_2051139091939983360_n.jpg\" data-link=\"http:\/\/tierrechtsbund-aktiv.de\/wp\/?attachment_id=754\" class=\"wp-image-754\" srcset=\"http:\/\/tierrechtsbund-aktiv.de\/wp\/wp-content\/uploads\/2021\/04\/91262177_3935995129775933_2051139091939983360_n.jpg 960w, http:\/\/tierrechtsbund-aktiv.de\/wp\/wp-content\/uploads\/2021\/04\/91262177_3935995129775933_2051139091939983360_n-300x225.jpg 300w, http:\/\/tierrechtsbund-aktiv.de\/wp\/wp-content\/uploads\/2021\/04\/91262177_3935995129775933_2051139091939983360_n-768x576.jpg 768w, http:\/\/tierrechtsbund-aktiv.de\/wp\/wp-content\/uploads\/2021\/04\/91262177_3935995129775933_2051139091939983360_n-600x450.jpg 600w\" sizes=\"auto, (max-width: 960px) 100vw, 960px\" \/><\/figure><\/li><li class=\"blocks-gallery-item\"><figure><img loading=\"lazy\" decoding=\"async\" width=\"1024\" height=\"768\" src=\"http:\/\/tierrechtsbund-aktiv.de\/wp\/wp-content\/uploads\/2021\/04\/91280814_3935995316442581_5684806416494231552_n-1024x768.jpg\" alt=\"\" data-id=\"755\" data-full-url=\"http:\/\/tierrechtsbund-aktiv.de\/wp\/wp-content\/uploads\/2021\/04\/91280814_3935995316442581_5684806416494231552_n.jpg\" data-link=\"http:\/\/tierrechtsbund-aktiv.de\/wp\/?attachment_id=755\" class=\"wp-image-755\" srcset=\"http:\/\/tierrechtsbund-aktiv.de\/wp\/wp-content\/uploads\/2021\/04\/91280814_3935995316442581_5684806416494231552_n-1024x768.jpg 1024w, http:\/\/tierrechtsbund-aktiv.de\/wp\/wp-content\/uploads\/2021\/04\/91280814_3935995316442581_5684806416494231552_n-300x225.jpg 300w, http:\/\/tierrechtsbund-aktiv.de\/wp\/wp-content\/uploads\/2021\/04\/91280814_3935995316442581_5684806416494231552_n-768x576.jpg 768w, http:\/\/tierrechtsbund-aktiv.de\/wp\/wp-content\/uploads\/2021\/04\/91280814_3935995316442581_5684806416494231552_n-1536x1152.jpg 1536w, http:\/\/tierrechtsbund-aktiv.de\/wp\/wp-content\/uploads\/2021\/04\/91280814_3935995316442581_5684806416494231552_n-600x450.jpg 600w, http:\/\/tierrechtsbund-aktiv.de\/wp\/wp-content\/uploads\/2021\/04\/91280814_3935995316442581_5684806416494231552_n.jpg 2016w\" sizes=\"auto, (max-width: 1024px) 100vw, 1024px\" \/><\/figure><\/li><li class=\"blocks-gallery-item\"><figure><img loading=\"lazy\" decoding=\"async\" width=\"1024\" height=\"768\" src=\"http:\/\/tierrechtsbund-aktiv.de\/wp\/wp-content\/uploads\/2021\/04\/91540827_3935995353109244_9093180286643994624_n-1024x768.jpg\" alt=\"\" data-id=\"756\" data-full-url=\"http:\/\/tierrechtsbund-aktiv.de\/wp\/wp-content\/uploads\/2021\/04\/91540827_3935995353109244_9093180286643994624_n.jpg\" data-link=\"http:\/\/tierrechtsbund-aktiv.de\/wp\/?attachment_id=756\" class=\"wp-image-756\" srcset=\"http:\/\/tierrechtsbund-aktiv.de\/wp\/wp-content\/uploads\/2021\/04\/91540827_3935995353109244_9093180286643994624_n-1024x768.jpg 1024w, http:\/\/tierrechtsbund-aktiv.de\/wp\/wp-content\/uploads\/2021\/04\/91540827_3935995353109244_9093180286643994624_n-300x225.jpg 300w, http:\/\/tierrechtsbund-aktiv.de\/wp\/wp-content\/uploads\/2021\/04\/91540827_3935995353109244_9093180286643994624_n-768x576.jpg 768w, http:\/\/tierrechtsbund-aktiv.de\/wp\/wp-content\/uploads\/2021\/04\/91540827_3935995353109244_9093180286643994624_n-1536x1152.jpg 1536w, http:\/\/tierrechtsbund-aktiv.de\/wp\/wp-content\/uploads\/2021\/04\/91540827_3935995353109244_9093180286643994624_n-600x450.jpg 600w, http:\/\/tierrechtsbund-aktiv.de\/wp\/wp-content\/uploads\/2021\/04\/91540827_3935995353109244_9093180286643994624_n.jpg 2016w\" sizes=\"auto, (max-width: 1024px) 100vw, 1024px\" \/><\/figure><\/li><li class=\"blocks-gallery-item\"><figure><img loading=\"lazy\" decoding=\"async\" width=\"716\" height=\"960\" src=\"http:\/\/tierrechtsbund-aktiv.de\/wp\/wp-content\/uploads\/2021\/04\/91557511_3935992569776189_5545007550291771392_n.jpg\" alt=\"\" data-id=\"757\" data-full-url=\"http:\/\/tierrechtsbund-aktiv.de\/wp\/wp-content\/uploads\/2021\/04\/91557511_3935992569776189_5545007550291771392_n.jpg\" data-link=\"http:\/\/tierrechtsbund-aktiv.de\/wp\/?attachment_id=757\" class=\"wp-image-757\" srcset=\"http:\/\/tierrechtsbund-aktiv.de\/wp\/wp-content\/uploads\/2021\/04\/91557511_3935992569776189_5545007550291771392_n.jpg 716w, http:\/\/tierrechtsbund-aktiv.de\/wp\/wp-content\/uploads\/2021\/04\/91557511_3935992569776189_5545007550291771392_n-224x300.jpg 224w, http:\/\/tierrechtsbund-aktiv.de\/wp\/wp-content\/uploads\/2021\/04\/91557511_3935992569776189_5545007550291771392_n-600x804.jpg 600w\" sizes=\"auto, (max-width: 716px) 100vw, 716px\" \/><\/figure><\/li><li class=\"blocks-gallery-item\"><figure><img loading=\"lazy\" decoding=\"async\" width=\"1024\" height=\"768\" src=\"http:\/\/tierrechtsbund-aktiv.de\/wp\/wp-content\/uploads\/2021\/04\/91573325_3935994813109298_2085324403096158208_n-1024x768.jpg\" alt=\"\" data-id=\"758\" data-full-url=\"http:\/\/tierrechtsbund-aktiv.de\/wp\/wp-content\/uploads\/2021\/04\/91573325_3935994813109298_2085324403096158208_n.jpg\" data-link=\"http:\/\/tierrechtsbund-aktiv.de\/wp\/?attachment_id=758\" class=\"wp-image-758\" srcset=\"http:\/\/tierrechtsbund-aktiv.de\/wp\/wp-content\/uploads\/2021\/04\/91573325_3935994813109298_2085324403096158208_n-1024x768.jpg 1024w, http:\/\/tierrechtsbund-aktiv.de\/wp\/wp-content\/uploads\/2021\/04\/91573325_3935994813109298_2085324403096158208_n-300x225.jpg 300w, http:\/\/tierrechtsbund-aktiv.de\/wp\/wp-content\/uploads\/2021\/04\/91573325_3935994813109298_2085324403096158208_n-768x576.jpg 768w, http:\/\/tierrechtsbund-aktiv.de\/wp\/wp-content\/uploads\/2021\/04\/91573325_3935994813109298_2085324403096158208_n-1536x1152.jpg 1536w, http:\/\/tierrechtsbund-aktiv.de\/wp\/wp-content\/uploads\/2021\/04\/91573325_3935994813109298_2085324403096158208_n-600x450.jpg 600w, http:\/\/tierrechtsbund-aktiv.de\/wp\/wp-content\/uploads\/2021\/04\/91573325_3935994813109298_2085324403096158208_n.jpg 2016w\" sizes=\"auto, (max-width: 1024px) 100vw, 1024px\" \/><\/figure><\/li><\/ul><\/figure>\n","protected":false},"excerpt":{"rendered":"<p>Die Winterst\u00fcrme hatten unter anderem auch eins der Dekopferde an unserem Offenstall demontiert und zerst\u00f6rt. Unser ehrenamtlicher Helfer Ali hat sich bereit erkl\u00e4rt uns in &hellip; <\/p>\n","protected":false},"author":1,"featured_media":754,"comment_status":"closed","ping_status":"open","sticky":false,"template":"","format":"standard","meta":{"_crdt_document":"","footnotes":""},"categories":[3,24],"tags":[],"class_list":["post-753","post","type-post","status-publish","format-standard","has-post-thumbnail","hentry","category-news","category-tierrechtszentrum"],"_links":{"self":[{"href":"http:\/\/tierrechtsbund-aktiv.de\/wp\/index.php?rest_route=\/wp\/v2\/posts\/753","targetHints":{"allow":["GET"]}}],"collection":[{"href":"http:\/\/tierrechtsbund-aktiv.de\/wp\/index.php?rest_route=\/wp\/v2\/posts"}],"about":[{"href":"http:\/\/tierrechtsbund-aktiv.de\/wp\/index.php?rest_route=\/wp\/v2\/types\/post"}],"author":[{"embeddable":true,"href":"http:\/\/tierrechtsbund-aktiv.de\/wp\/index.php?rest_route=\/wp\/v2\/users\/1"}],"replies":[{"embeddable":true,"href":"http:\/\/tierrechtsbund-aktiv.de\/wp\/index.php?rest_route=%2Fwp%2Fv2%2Fcomments&post=753"}],"version-history":[{"count":1,"href":"http:\/\/tierrechtsbund-aktiv.de\/wp\/index.php?rest_route=\/wp\/v2\/posts\/753\/revisions"}],"predecessor-version":[{"id":759,"href":"http:\/\/tierrechtsbund-aktiv.de\/wp\/index.php?rest_route=\/wp\/v2\/posts\/753\/revisions\/759"}],"wp:featuredmedia":[{"embeddable":true,"href":"http:\/\/tierrechtsbund-aktiv.de\/wp\/index.php?rest_route=\/wp\/v2\/media\/754"}],"wp:attachment":[{"href":"http:\/\/tierrechtsbund-aktiv.de\/wp\/index.php?rest_route=%2Fwp%2Fv2%2Fmedia&parent=753"}],"wp:term":[{"taxonomy":"category","embeddable":true,"href":"http:\/\/tierrechtsbund-aktiv.de\/wp\/index.php?rest_route=%2Fwp%2Fv2%2Fcategories&post=753"},{"taxonomy":"post_tag","embeddable":true,"href":"http:\/\/tierrechtsbund-aktiv.de\/wp\/index.php?rest_route=%2Fwp%2Fv2%2Ftags&post=753"}],"curies":[{"name":"wp","href":"https:\/\/api.w.org\/{rel}","templated":true}]}}