{"id":971,"date":"2020-01-09T15:23:00","date_gmt":"2020-01-09T15:23:00","guid":{"rendered":"http:\/\/tierrechtsbund-aktiv.de\/wp\/?p=971"},"modified":"2021-04-04T15:28:23","modified_gmt":"2021-04-04T15:28:23","slug":"alle-meine-entchen","status":"publish","type":"post","link":"http:\/\/tierrechtsbund-aktiv.de\/wp\/?p=971","title":{"rendered":"Alle meine Entchen&#8230;"},"content":{"rendered":"\n<div class=\"wp-block-image\"><figure class=\"alignright size-large is-resized\"><img loading=\"lazy\" decoding=\"async\" src=\"http:\/\/tierrechtsbund-aktiv.de\/wp\/wp-content\/uploads\/2021\/04\/81498941_3667297583312357_2202840192987955200_n-1024x768.jpg\" alt=\"\" class=\"wp-image-972\" width=\"372\" height=\"279\" srcset=\"http:\/\/tierrechtsbund-aktiv.de\/wp\/wp-content\/uploads\/2021\/04\/81498941_3667297583312357_2202840192987955200_n-1024x768.jpg 1024w, http:\/\/tierrechtsbund-aktiv.de\/wp\/wp-content\/uploads\/2021\/04\/81498941_3667297583312357_2202840192987955200_n-300x225.jpg 300w, http:\/\/tierrechtsbund-aktiv.de\/wp\/wp-content\/uploads\/2021\/04\/81498941_3667297583312357_2202840192987955200_n-768x576.jpg 768w, http:\/\/tierrechtsbund-aktiv.de\/wp\/wp-content\/uploads\/2021\/04\/81498941_3667297583312357_2202840192987955200_n-1536x1152.jpg 1536w, http:\/\/tierrechtsbund-aktiv.de\/wp\/wp-content\/uploads\/2021\/04\/81498941_3667297583312357_2202840192987955200_n.jpg 2016w\" sizes=\"auto, (max-width: 372px) 100vw, 372px\" \/><\/figure><\/div>\n\n\n\n<p class=\"wp-block-paragraph\">Irgendwie scheinen alle einen Jahresr\u00fcckblick zu machen. Wir auch.Im September 2019 wurden wir \u00fcberfallen. Eine 5-k\u00f6pfige Gang stand vor unserer T\u00fcr und schnatterte. Sie w\u00fcrden nun bei uns einziehen, denn der Ententeich den wir 2017 erneuert und vergr\u00f6\u00dfert haben ja sonst v\u00f6llig unn\u00fctz w\u00e4re. Auch unser russischer Warzenerpel Igor ist hoch erfreut \u00fcber seine neuen Schwimmgef\u00e4hrten.<\/p>\n\n\n\n<p class=\"wp-block-paragraph\"><\/p>\n\n\n\n<p class=\"wp-block-paragraph\"><\/p>\n\n\n\n<p class=\"wp-block-paragraph\"><\/p>\n\n\n\n<figure class=\"wp-block-gallery columns-3 is-cropped wp-block-gallery-1 is-layout-flex wp-block-gallery-is-layout-flex\"><ul class=\"blocks-gallery-grid\"><li class=\"blocks-gallery-item\"><figure><img loading=\"lazy\" decoding=\"async\" width=\"1024\" height=\"768\" src=\"http:\/\/tierrechtsbund-aktiv.de\/wp\/wp-content\/uploads\/2021\/04\/81894608_3667300833312032_7293591253067759616_n-1024x768.jpg\" alt=\"\" data-id=\"973\" data-full-url=\"http:\/\/tierrechtsbund-aktiv.de\/wp\/wp-content\/uploads\/2021\/04\/81894608_3667300833312032_7293591253067759616_n.jpg\" data-link=\"http:\/\/tierrechtsbund-aktiv.de\/wp\/?attachment_id=973\" class=\"wp-image-973\" srcset=\"http:\/\/tierrechtsbund-aktiv.de\/wp\/wp-content\/uploads\/2021\/04\/81894608_3667300833312032_7293591253067759616_n-1024x768.jpg 1024w, http:\/\/tierrechtsbund-aktiv.de\/wp\/wp-content\/uploads\/2021\/04\/81894608_3667300833312032_7293591253067759616_n-300x225.jpg 300w, http:\/\/tierrechtsbund-aktiv.de\/wp\/wp-content\/uploads\/2021\/04\/81894608_3667300833312032_7293591253067759616_n-768x576.jpg 768w, http:\/\/tierrechtsbund-aktiv.de\/wp\/wp-content\/uploads\/2021\/04\/81894608_3667300833312032_7293591253067759616_n-1536x1152.jpg 1536w, http:\/\/tierrechtsbund-aktiv.de\/wp\/wp-content\/uploads\/2021\/04\/81894608_3667300833312032_7293591253067759616_n.jpg 2016w\" sizes=\"auto, (max-width: 1024px) 100vw, 1024px\" \/><\/figure><\/li><li class=\"blocks-gallery-item\"><figure><img loading=\"lazy\" decoding=\"async\" width=\"1024\" height=\"768\" src=\"http:\/\/tierrechtsbund-aktiv.de\/wp\/wp-content\/uploads\/2021\/04\/81977859_3667299896645459_9086981961641099264_n-1024x768.jpg\" alt=\"\" data-id=\"974\" data-full-url=\"http:\/\/tierrechtsbund-aktiv.de\/wp\/wp-content\/uploads\/2021\/04\/81977859_3667299896645459_9086981961641099264_n.jpg\" data-link=\"http:\/\/tierrechtsbund-aktiv.de\/wp\/?attachment_id=974\" class=\"wp-image-974\" srcset=\"http:\/\/tierrechtsbund-aktiv.de\/wp\/wp-content\/uploads\/2021\/04\/81977859_3667299896645459_9086981961641099264_n-1024x768.jpg 1024w, http:\/\/tierrechtsbund-aktiv.de\/wp\/wp-content\/uploads\/2021\/04\/81977859_3667299896645459_9086981961641099264_n-300x225.jpg 300w, http:\/\/tierrechtsbund-aktiv.de\/wp\/wp-content\/uploads\/2021\/04\/81977859_3667299896645459_9086981961641099264_n-768x576.jpg 768w, http:\/\/tierrechtsbund-aktiv.de\/wp\/wp-content\/uploads\/2021\/04\/81977859_3667299896645459_9086981961641099264_n-1536x1152.jpg 1536w, http:\/\/tierrechtsbund-aktiv.de\/wp\/wp-content\/uploads\/2021\/04\/81977859_3667299896645459_9086981961641099264_n.jpg 2016w\" sizes=\"auto, (max-width: 1024px) 100vw, 1024px\" \/><\/figure><\/li><li class=\"blocks-gallery-item\"><figure><img loading=\"lazy\" decoding=\"async\" width=\"1024\" height=\"768\" src=\"http:\/\/tierrechtsbund-aktiv.de\/wp\/wp-content\/uploads\/2021\/04\/82127998_3667293983312717_6509563763664879616_n-1024x768.jpg\" alt=\"\" data-id=\"975\" data-full-url=\"http:\/\/tierrechtsbund-aktiv.de\/wp\/wp-content\/uploads\/2021\/04\/82127998_3667293983312717_6509563763664879616_n.jpg\" data-link=\"http:\/\/tierrechtsbund-aktiv.de\/wp\/?attachment_id=975\" class=\"wp-image-975\" srcset=\"http:\/\/tierrechtsbund-aktiv.de\/wp\/wp-content\/uploads\/2021\/04\/82127998_3667293983312717_6509563763664879616_n-1024x768.jpg 1024w, http:\/\/tierrechtsbund-aktiv.de\/wp\/wp-content\/uploads\/2021\/04\/82127998_3667293983312717_6509563763664879616_n-300x225.jpg 300w, http:\/\/tierrechtsbund-aktiv.de\/wp\/wp-content\/uploads\/2021\/04\/82127998_3667293983312717_6509563763664879616_n-768x576.jpg 768w, http:\/\/tierrechtsbund-aktiv.de\/wp\/wp-content\/uploads\/2021\/04\/82127998_3667293983312717_6509563763664879616_n-1536x1152.jpg 1536w, http:\/\/tierrechtsbund-aktiv.de\/wp\/wp-content\/uploads\/2021\/04\/82127998_3667293983312717_6509563763664879616_n.jpg 2016w\" sizes=\"auto, (max-width: 1024px) 100vw, 1024px\" \/><\/figure><\/li><li class=\"blocks-gallery-item\"><figure><img loading=\"lazy\" decoding=\"async\" width=\"1024\" height=\"768\" src=\"http:\/\/tierrechtsbund-aktiv.de\/wp\/wp-content\/uploads\/2021\/04\/82504079_3667297719979010_838941103003533312_n-1024x768.jpg\" alt=\"\" data-id=\"976\" data-full-url=\"http:\/\/tierrechtsbund-aktiv.de\/wp\/wp-content\/uploads\/2021\/04\/82504079_3667297719979010_838941103003533312_n.jpg\" data-link=\"http:\/\/tierrechtsbund-aktiv.de\/wp\/?attachment_id=976\" class=\"wp-image-976\" srcset=\"http:\/\/tierrechtsbund-aktiv.de\/wp\/wp-content\/uploads\/2021\/04\/82504079_3667297719979010_838941103003533312_n-1024x768.jpg 1024w, http:\/\/tierrechtsbund-aktiv.de\/wp\/wp-content\/uploads\/2021\/04\/82504079_3667297719979010_838941103003533312_n-300x225.jpg 300w, http:\/\/tierrechtsbund-aktiv.de\/wp\/wp-content\/uploads\/2021\/04\/82504079_3667297719979010_838941103003533312_n-768x576.jpg 768w, http:\/\/tierrechtsbund-aktiv.de\/wp\/wp-content\/uploads\/2021\/04\/82504079_3667297719979010_838941103003533312_n-1536x1152.jpg 1536w, http:\/\/tierrechtsbund-aktiv.de\/wp\/wp-content\/uploads\/2021\/04\/82504079_3667297719979010_838941103003533312_n.jpg 2016w\" sizes=\"auto, (max-width: 1024px) 100vw, 1024px\" \/><\/figure><\/li><li class=\"blocks-gallery-item\"><figure><img loading=\"lazy\" decoding=\"async\" width=\"1024\" height=\"768\" src=\"http:\/\/tierrechtsbund-aktiv.de\/wp\/wp-content\/uploads\/2021\/04\/82810720_3667294753312640_6187557202056708096_n-1024x768.jpg\" alt=\"\" data-id=\"977\" data-full-url=\"http:\/\/tierrechtsbund-aktiv.de\/wp\/wp-content\/uploads\/2021\/04\/82810720_3667294753312640_6187557202056708096_n.jpg\" data-link=\"http:\/\/tierrechtsbund-aktiv.de\/wp\/?attachment_id=977\" class=\"wp-image-977\" srcset=\"http:\/\/tierrechtsbund-aktiv.de\/wp\/wp-content\/uploads\/2021\/04\/82810720_3667294753312640_6187557202056708096_n-1024x768.jpg 1024w, http:\/\/tierrechtsbund-aktiv.de\/wp\/wp-content\/uploads\/2021\/04\/82810720_3667294753312640_6187557202056708096_n-300x225.jpg 300w, http:\/\/tierrechtsbund-aktiv.de\/wp\/wp-content\/uploads\/2021\/04\/82810720_3667294753312640_6187557202056708096_n-768x576.jpg 768w, http:\/\/tierrechtsbund-aktiv.de\/wp\/wp-content\/uploads\/2021\/04\/82810720_3667294753312640_6187557202056708096_n-1536x1152.jpg 1536w, http:\/\/tierrechtsbund-aktiv.de\/wp\/wp-content\/uploads\/2021\/04\/82810720_3667294753312640_6187557202056708096_n.jpg 2016w\" sizes=\"auto, (max-width: 1024px) 100vw, 1024px\" \/><\/figure><\/li><\/ul><\/figure>\n","protected":false},"excerpt":{"rendered":"<p>Irgendwie scheinen alle einen Jahresr\u00fcckblick zu machen. Wir auch.Im September 2019 wurden wir \u00fcberfallen. Eine 5-k\u00f6pfige Gang stand vor unserer T\u00fcr und schnatterte. Sie w\u00fcrden &hellip; <\/p>\n","protected":false},"author":1,"featured_media":973,"comment_status":"closed","ping_status":"open","sticky":false,"template":"","format":"standard","meta":{"_crdt_document":"","footnotes":""},"categories":[3,24,6],"tags":[],"class_list":["post-971","post","type-post","status-publish","format-standard","has-post-thumbnail","hentry","category-news","category-tierrechtszentrum","category-mbw"],"_links":{"self":[{"href":"http:\/\/tierrechtsbund-aktiv.de\/wp\/index.php?rest_route=\/wp\/v2\/posts\/971","targetHints":{"allow":["GET"]}}],"collection":[{"href":"http:\/\/tierrechtsbund-aktiv.de\/wp\/index.php?rest_route=\/wp\/v2\/posts"}],"about":[{"href":"http:\/\/tierrechtsbund-aktiv.de\/wp\/index.php?rest_route=\/wp\/v2\/types\/post"}],"author":[{"embeddable":true,"href":"http:\/\/tierrechtsbund-aktiv.de\/wp\/index.php?rest_route=\/wp\/v2\/users\/1"}],"replies":[{"embeddable":true,"href":"http:\/\/tierrechtsbund-aktiv.de\/wp\/index.php?rest_route=%2Fwp%2Fv2%2Fcomments&post=971"}],"version-history":[{"count":1,"href":"http:\/\/tierrechtsbund-aktiv.de\/wp\/index.php?rest_route=\/wp\/v2\/posts\/971\/revisions"}],"predecessor-version":[{"id":978,"href":"http:\/\/tierrechtsbund-aktiv.de\/wp\/index.php?rest_route=\/wp\/v2\/posts\/971\/revisions\/978"}],"wp:featuredmedia":[{"embeddable":true,"href":"http:\/\/tierrechtsbund-aktiv.de\/wp\/index.php?rest_route=\/wp\/v2\/media\/973"}],"wp:attachment":[{"href":"http:\/\/tierrechtsbund-aktiv.de\/wp\/index.php?rest_route=%2Fwp%2Fv2%2Fmedia&parent=971"}],"wp:term":[{"taxonomy":"category","embeddable":true,"href":"http:\/\/tierrechtsbund-aktiv.de\/wp\/index.php?rest_route=%2Fwp%2Fv2%2Fcategories&post=971"},{"taxonomy":"post_tag","embeddable":true,"href":"http:\/\/tierrechtsbund-aktiv.de\/wp\/index.php?rest_route=%2Fwp%2Fv2%2Ftags&post=971"}],"curies":[{"name":"wp","href":"https:\/\/api.w.org\/{rel}","templated":true}]}}