{"id":1594,"date":"2025-10-06T15:48:06","date_gmt":"2025-10-06T15:48:06","guid":{"rendered":"https:\/\/tierrechtsbund-aktiv.de\/wp\/?p=1594"},"modified":"2025-10-06T16:18:16","modified_gmt":"2025-10-06T16:18:16","slug":"04-10-2025-bremerhaven-demo-gegen-zoo","status":"publish","type":"post","link":"https:\/\/tierrechtsbund-aktiv.de\/wp\/?p=1594","title":{"rendered":"04.10.2025 Bremerhaven Demo gegen Zoo"},"content":{"rendered":"\n<p class=\"wp-block-paragraph\">Am Samstag den 04.20.2025 haben wir zusammen mit dem Bremer Tierschutzverein, dem Bremerhavener Tierschutzverein und vielen andern anl\u00e4sslich des Welt- Tierschutztages gegen die Haltung von Tieren in Zoos demonstriert.<\/p>\n\n\n\n<p class=\"wp-block-paragraph\">In letzter Zeit machen Zoos wieder vermehrt schlimme Schlagzeilen, da werden \u00fcbersch\u00fcssige Tiere get\u00f6tet und dann an Artgenossen und andere Tiere verf\u00fcttert. Es wird auf Teufel komm raus gez\u00fcchtet. Egal ob die Tiere dann genug Platz haben oder aus Medizinischen Gr\u00fcnden \u00fcberhaupt lebensf\u00e4hig sind, weil niedliche Tierbabies lassen die Zookasse klingeln.<\/p>\n\n\n\n<p class=\"wp-block-paragraph\">Es gilt immer: Artgerecht ist nur die Freiheit. Seht unser Interview mit Brigitte Wohner-M\u00e4urer, 1. Vorsitzende des Bremer Tierschutzvereins.<\/p>\n\n\n\n<figure class=\"wp-block-embed is-type-video is-provider-youtube wp-block-embed-youtube wp-embed-aspect-16-9 wp-has-aspect-ratio\"><div class=\"wp-block-embed__wrapper\">\n<iframe loading=\"lazy\" title=\"Zoo am Meer 04.10.25\" width=\"760\" height=\"428\" src=\"https:\/\/www.youtube.com\/embed\/Mkqe3ow_HiI?feature=oembed\" frameborder=\"0\" allow=\"accelerometer; autoplay; clipboard-write; encrypted-media; gyroscope; picture-in-picture; web-share\" referrerpolicy=\"strict-origin-when-cross-origin\" allowfullscreen><\/iframe>\n<\/div><\/figure>\n\n\n\n<p class=\"wp-block-paragraph\"><\/p>\n","protected":false},"excerpt":{"rendered":"<p>Am Samstag den 04.20.2025 haben wir zusammen mit dem Bremer Tierschutzverein, dem Bremerhavener Tierschutzverein und vielen andern anl\u00e4sslich des Welt- Tierschutztages gegen die Haltung von &hellip; <\/p>\n","protected":false},"author":1,"featured_media":0,"comment_status":"closed","ping_status":"open","sticky":false,"template":"","format":"standard","meta":{"_crdt_document":"","footnotes":""},"categories":[1],"tags":[],"class_list":["post-1594","post","type-post","status-publish","format-standard","hentry","category-uncategorized"],"_links":{"self":[{"href":"https:\/\/tierrechtsbund-aktiv.de\/wp\/index.php?rest_route=\/wp\/v2\/posts\/1594","targetHints":{"allow":["GET"]}}],"collection":[{"href":"https:\/\/tierrechtsbund-aktiv.de\/wp\/index.php?rest_route=\/wp\/v2\/posts"}],"about":[{"href":"https:\/\/tierrechtsbund-aktiv.de\/wp\/index.php?rest_route=\/wp\/v2\/types\/post"}],"author":[{"embeddable":true,"href":"https:\/\/tierrechtsbund-aktiv.de\/wp\/index.php?rest_route=\/wp\/v2\/users\/1"}],"replies":[{"embeddable":true,"href":"https:\/\/tierrechtsbund-aktiv.de\/wp\/index.php?rest_route=%2Fwp%2Fv2%2Fcomments&post=1594"}],"version-history":[{"count":3,"href":"https:\/\/tierrechtsbund-aktiv.de\/wp\/index.php?rest_route=\/wp\/v2\/posts\/1594\/revisions"}],"predecessor-version":[{"id":1599,"href":"https:\/\/tierrechtsbund-aktiv.de\/wp\/index.php?rest_route=\/wp\/v2\/posts\/1594\/revisions\/1599"}],"wp:attachment":[{"href":"https:\/\/tierrechtsbund-aktiv.de\/wp\/index.php?rest_route=%2Fwp%2Fv2%2Fmedia&parent=1594"}],"wp:term":[{"taxonomy":"category","embeddable":true,"href":"https:\/\/tierrechtsbund-aktiv.de\/wp\/index.php?rest_route=%2Fwp%2Fv2%2Fcategories&post=1594"},{"taxonomy":"post_tag","embeddable":true,"href":"https:\/\/tierrechtsbund-aktiv.de\/wp\/index.php?rest_route=%2Fwp%2Fv2%2Ftags&post=1594"}],"curies":[{"name":"wp","href":"https:\/\/api.w.org\/{rel}","templated":true}]}}