{"id":1600,"date":"2025-10-14T13:36:51","date_gmt":"2025-10-14T13:36:51","guid":{"rendered":"https:\/\/tierrechtsbund-aktiv.de\/wp\/?p=1600"},"modified":"2025-10-14T14:17:07","modified_gmt":"2025-10-14T14:17:07","slug":"radio-bremen-im-jagdfieber-tierrechtsbund-aktiv-e-v-sagt-nein-zur-jagd","status":"publish","type":"post","link":"https:\/\/tierrechtsbund-aktiv.de\/wp\/?p=1600","title":{"rendered":"Radio Bremen im Jagdfieber &#8211; Tierrechtsbund Aktiv e.V. Sagt nein zur Jagd"},"content":{"rendered":"\n<p class=\"wp-block-paragraph\">Radio Bremen im Jagdfieber<\/p>\n\n\n\n<p class=\"wp-block-paragraph\">Tierrechtsbund Aktiv e.V. Sagt nein zur Jagd.<\/p>\n\n\n\n<p class=\"wp-block-paragraph\">In seiner aktuellen Wochenserie begleitet Radio Bremen unkritisch angehende Hobbyj\u00e4ger.<\/p>\n\n\n<div class=\"wp-block-image\">\n<figure class=\"alignleft size-large is-resized\"><img loading=\"lazy\" decoding=\"async\" width=\"1024\" height=\"1024\" src=\"https:\/\/tierrechtsbund-aktiv.de\/wp\/wp-content\/uploads\/2025\/10\/bild1-1-1024x1024.jpg\" alt=\"\" class=\"wp-image-1604\" style=\"width:290px;height:auto\" srcset=\"https:\/\/tierrechtsbund-aktiv.de\/wp\/wp-content\/uploads\/2025\/10\/bild1-1-1024x1024.jpg 1024w, https:\/\/tierrechtsbund-aktiv.de\/wp\/wp-content\/uploads\/2025\/10\/bild1-1-300x300.jpg 300w, https:\/\/tierrechtsbund-aktiv.de\/wp\/wp-content\/uploads\/2025\/10\/bild1-1-150x150.jpg 150w, https:\/\/tierrechtsbund-aktiv.de\/wp\/wp-content\/uploads\/2025\/10\/bild1-1-768x768.jpg 768w, https:\/\/tierrechtsbund-aktiv.de\/wp\/wp-content\/uploads\/2025\/10\/bild1-1.jpg 1080w\" sizes=\"auto, (max-width: 1024px) 100vw, 1024px\" \/><\/figure>\n<\/div>\n\n\n<p class=\"wp-block-paragraph\">Der \u00f6ffentlich-rechtliche Rundfunk tr\u00e4gt als Medium mit Bildungsauftrag eine besondere Verantwortung f\u00fcr die Darstellung komplexer Themen wie der Jagd. Oftmals wird die Jagd in Dokumentationen oder Regionalberichten unkritisch als unverzichtbarer Teil der &#8222;Hege&#8220; oder als traditionsreiches Kulturgut inszeniert. Diese unreflektierte Darstellung vernachl\u00e4ssigt die wissenschaftlichen Befunde zur kontraproduktiven Populationssteuerung, die ethischen Konflikte und die Gef\u00e4hrdung der \u00f6ffentlichen Sicherheit. Indem der Rundfunk prim\u00e4r die romantische oder traditionelle Perspektive des J\u00e4gers beleuchtet, tr\u00e4gt er dazu bei, die problematische Amateurjagd in der Gesellschaft zu normalisieren und die kritische Debatte \u00fcber alternative, \u00f6kologischere Wildtiermanagementstrategien zu verhindern.<\/p>\n\n\n\n<p class=\"wp-block-paragraph\">Die Illusion der Notwendigkeit: Eine kritische Analyse der Populationsregulation durch Jagd<\/p>\n\n\n\n<p class=\"wp-block-paragraph\">Die Jagd ist eine der \u00e4ltesten T\u00e4tigkeiten des Menschen, die in der Moderne oft mit der Begr\u00fcndung der Populationsregulation gerechtfertigt wird. Demnach sei der J\u00e4ger ein notwendiger Regulator, der die Populationen von Wildtieren, insbesondere Schalenwild, in einem gesunden Gleichgewicht h\u00e4lt und Wildsch\u00e4den in der Land- und Forstwirtschaft minimiert. Dieses Argument st\u00fctzt sich auf die Annahme, dass der Mensch in \u00d6kosystemen, in denen nat\u00fcrliche Pr\u00e4datoren fehlen, die Rolle des Raubtiers \u00fcbernehmen muss. Eine kritische \u00f6kologische Analyse zeigt jedoch, dass der ausge\u00fcbte Jagddruck nicht nur ethisch fragw\u00fcrdig ist, sondern als Instrument zur langfristigen, stabilen Populationskontrolle oft kontraproduktiv wirkt.<\/p>\n\n\n<div class=\"wp-block-image\">\n<figure class=\"alignright size-large is-resized\"><img loading=\"lazy\" decoding=\"async\" width=\"1024\" height=\"1024\" src=\"https:\/\/tierrechtsbund-aktiv.de\/wp\/wp-content\/uploads\/2025\/10\/bild-2-1-1024x1024.jpg\" alt=\"\" class=\"wp-image-1605\" style=\"width:368px;height:auto\" srcset=\"https:\/\/tierrechtsbund-aktiv.de\/wp\/wp-content\/uploads\/2025\/10\/bild-2-1-1024x1024.jpg 1024w, https:\/\/tierrechtsbund-aktiv.de\/wp\/wp-content\/uploads\/2025\/10\/bild-2-1-300x300.jpg 300w, https:\/\/tierrechtsbund-aktiv.de\/wp\/wp-content\/uploads\/2025\/10\/bild-2-1-150x150.jpg 150w, https:\/\/tierrechtsbund-aktiv.de\/wp\/wp-content\/uploads\/2025\/10\/bild-2-1-768x768.jpg 768w, https:\/\/tierrechtsbund-aktiv.de\/wp\/wp-content\/uploads\/2025\/10\/bild-2-1.jpg 1080w\" sizes=\"auto, (max-width: 1024px) 100vw, 1024px\" \/><\/figure>\n<\/div>\n\n\n<p class=\"wp-block-paragraph\">Die Problematik der Amateurjagd reicht \u00fcber die rein moralische Haltung hinaus und ber\u00fchrt auch die \u00f6ffentliche Sicherheit. Da die Jagd in vielen Regionen als Freizeitbesch\u00e4ftigung ausge\u00fcbt wird, ist die J\u00e4gerschaft \u00fcberwiegend aus Hobbyisten zusammengesetzt. Der menschliche Fehler in Stresssituationen, die unzureichende Schie\u00dffertigkeit unter realen Bedingungen oder die mangelnde Einhaltung von Sicherheitsvorschriften f\u00fchren regelm\u00e4\u00dfig zu Jagdunf\u00e4llen, die Unbeteiligte, Spazierg\u00e4nger oder andere J\u00e4ger treffen k\u00f6nnen. Diese Unf\u00e4lle \u2013 von der Verwechslung von Menschen mit Wild bis hin zu Querschl\u00e4gern \u2013 unterstreichen die Inkonsistenz: Ein Akt, der als notwendige &#8222;Dienstleistung&#8220; f\u00fcr die Natur verkauft wird, bringt gleichzeitig ein unn\u00f6tiges, vermeidbares Risiko f\u00fcr die menschliche Gemeinschaft mit sich. Die Gefahr, die von einem Hobby ausgeht, kann niemals die angeblich \u00f6kologische Notwendigkeit rechtfertigen.<\/p>\n\n\n\n<p class=\"wp-block-paragraph\">Die ethische Dimension des Themas wird durch Zitate wie das folgende scharf beleuchtet: \u201eJagd ist nur eine feige Umschreibung f\u00fcr besonders feigen Mord am chancenlosen Mitgesch\u00f6pf. Die Jagd ist eine Nebenform menschlicher Geisteskrankheit.\u201c Theodor Heuss Diese drastische Formulierung spiegelt die tief sitzende moralische Ablehnung wider, die das T\u00f6ten von Tieren ohne \u00dcberlebensnotwendigkeit hervorruft. Die moderne Jagd, insbesondere die Aus\u00fcbung durch Amateure und als Freizeitbesch\u00e4ftigung, versch\u00e4rft diesen ethischen Konflikt erheblich. Aus philosophischer Sicht entf\u00e4llt jegliche moralische Rechtfertigung, sobald der Akt des T\u00f6tens nicht mehr der unmittelbaren Nahrungsgewinnung oder einer staatlich legitimierten, rein professionellen Notwendigkeit dient, sondern der Freude, dem Sport oder dem Troph\u00e4enerwerb. Dies steht im Widerspruch zum Konzept des intrinsischen Wertes von Lebewesen, das jedem Tier unabh\u00e4ngig von seinem Nutzen f\u00fcr den Menschen einen eigenen Wert und ein Recht auf k\u00f6rperliche Unversehrtheit zuschreibt. Die amateurhafte Jagd reduziert die Existenz des Tieres auf ein blo\u00dfes Objekt der menschlichen Freizeitgestaltung.<\/p>\n\n\n\n<p class=\"wp-block-paragraph\">Der zentrale Fehler im Konzept des Jagddrucks als Regulationsmechanismus liegt in seiner menschlichen Selektion und den kompensatorischen Mechanismen der Tierwelt. Im Gegensatz zu nat\u00fcrlichen Pr\u00e4datoren, die oft kranke, schwache oder alte Tiere erbeuten, zielt die Jagd h\u00e4ufig auf die vitalsten und genetisch wertvollsten Individuen ab (Stichwort Troph\u00e4enjagd oder einfach die Entnahme gro\u00dfer, gesunder Tiere). Diese fehlgeleitete Selektion schw\u00e4cht den Genpool einer Population langfristig. Dar\u00fcber hinaus reagieren viele Wildtierarten, insbesondere das Reh- und Schwarzwild, auf einen erh\u00f6hten T\u00f6tungsdruck mit einer kompensatorischen Reproduktion.<\/p>\n\n\n\n<p class=\"wp-block-paragraph\">Wenn eine Population durch Jagd pl\u00f6tzlich dezimiert wird, verbessern sich die \u00dcberlebensbedingungen (Nahrungszugang) f\u00fcr die verbleibenden Tiere drastisch. Dies f\u00fchrt dazu, dass die weiblichen Tiere fr\u00fcher geschlechtsreif werden und h\u00f6here Reproduktionsraten zeigen (gr\u00f6\u00dfere W\u00fcrfe oder erh\u00f6hte \u00dcberlebensraten der Jungen). Studien zeigen, dass der durch die Jagd verursachte Verlust schnell durch eine h\u00f6here Geburtenrate ausgeglichen wird \u2013 der &#8222;Leerstand&#8220; wird biologisch blitzschnell gef\u00fcllt. Anstatt die Population zu stabilisieren, f\u00fchrt der Jagddruck paradoxerweise zu einer j\u00fcngeren Population mit h\u00f6herer Wachstumsrate, was das Problem der \u00dcberpopulation und der Wildsch\u00e4den mittelfristig versch\u00e4rfen kann.<\/p>\n\n\n\n<p class=\"wp-block-paragraph\">Ein weiterer destabilisierender Faktor ist die Zerst\u00f6rung sozialer Strukturen. Bei hochsozialen Arten wie W\u00f6lfen, Wildschweinen oder Rotwild kann die Entnahme von Leittieren (z. B. einer Bache oder eines Leitbocks) die gesamte Familien- oder Rudelstruktur zerbrechen. Die Folge sind oft desorientierte Jungtiere, die leichter Wildsch\u00e4den verursachen, oder eine erh\u00f6hte Wanderbewegung, was die Konflikte zwischen Mensch und Tier unn\u00f6tig versch\u00e4rft.<\/p>\n\n\n\n<p class=\"wp-block-paragraph\">Zusammenfassend l\u00e4sst sich festhalten, dass die Jagd als Mittel zur Populationsregulation weitgehend eine Illusion der Kontrolle darstellt. Die Kombination aus moralischer Verwerflichkeit, dem Risiko f\u00fcr die \u00f6ffentliche Sicherheit, der unkritischen medialen Darstellung, selektiver Entnahme gesunder Tiere, der Ausl\u00f6sung kompensatorischer Reproduktion und der Destabilisierung sozialer Verb\u00e4nde beweist, dass der Jagddruck nicht nur ineffektiv, sondern oft sch\u00e4dlich f\u00fcr eine nachhaltige Wildtierbewirtschaftung ist. \u00d6kologisch fundiertere Strategien erfordern die Wiederherstellung nat\u00fcrlicher Pr\u00e4dationsmechanismen und die Anpassung von Landnutzungspraktiken an das Wild, anstatt in einem Kreislauf von T\u00f6ten und kompensiertem Wachstum gefangen zu bleiben.<\/p>\n\n\n<div class=\"wp-block-image\">\n<figure class=\"alignleft size-large is-resized\"><img loading=\"lazy\" decoding=\"async\" width=\"1024\" height=\"1024\" src=\"https:\/\/tierrechtsbund-aktiv.de\/wp\/wp-content\/uploads\/2025\/10\/bild-3-1-1024x1024.jpg\" alt=\"\" class=\"wp-image-1606\" style=\"width:693px;height:auto\" srcset=\"https:\/\/tierrechtsbund-aktiv.de\/wp\/wp-content\/uploads\/2025\/10\/bild-3-1-1024x1024.jpg 1024w, https:\/\/tierrechtsbund-aktiv.de\/wp\/wp-content\/uploads\/2025\/10\/bild-3-1-300x300.jpg 300w, https:\/\/tierrechtsbund-aktiv.de\/wp\/wp-content\/uploads\/2025\/10\/bild-3-1-150x150.jpg 150w, https:\/\/tierrechtsbund-aktiv.de\/wp\/wp-content\/uploads\/2025\/10\/bild-3-1-768x768.jpg 768w, https:\/\/tierrechtsbund-aktiv.de\/wp\/wp-content\/uploads\/2025\/10\/bild-3-1.jpg 1080w\" sizes=\"auto, (max-width: 1024px) 100vw, 1024px\" \/><\/figure>\n<\/div>\n\n\n<p class=\"wp-block-paragraph\"><\/p>\n","protected":false},"excerpt":{"rendered":"<p>Radio Bremen im Jagdfieber Tierrechtsbund Aktiv e.V. Sagt nein zur Jagd. In seiner aktuellen Wochenserie begleitet Radio Bremen unkritisch angehende Hobbyj\u00e4ger. Der \u00f6ffentlich-rechtliche Rundfunk tr\u00e4gt &hellip; <\/p>\n","protected":false},"author":1,"featured_media":0,"comment_status":"closed","ping_status":"open","sticky":false,"template":"","format":"standard","meta":{"_crdt_document":"","footnotes":""},"categories":[1],"tags":[],"class_list":["post-1600","post","type-post","status-publish","format-standard","hentry","category-uncategorized"],"_links":{"self":[{"href":"https:\/\/tierrechtsbund-aktiv.de\/wp\/index.php?rest_route=\/wp\/v2\/posts\/1600","targetHints":{"allow":["GET"]}}],"collection":[{"href":"https:\/\/tierrechtsbund-aktiv.de\/wp\/index.php?rest_route=\/wp\/v2\/posts"}],"about":[{"href":"https:\/\/tierrechtsbund-aktiv.de\/wp\/index.php?rest_route=\/wp\/v2\/types\/post"}],"author":[{"embeddable":true,"href":"https:\/\/tierrechtsbund-aktiv.de\/wp\/index.php?rest_route=\/wp\/v2\/users\/1"}],"replies":[{"embeddable":true,"href":"https:\/\/tierrechtsbund-aktiv.de\/wp\/index.php?rest_route=%2Fwp%2Fv2%2Fcomments&post=1600"}],"version-history":[{"count":2,"href":"https:\/\/tierrechtsbund-aktiv.de\/wp\/index.php?rest_route=\/wp\/v2\/posts\/1600\/revisions"}],"predecessor-version":[{"id":1609,"href":"https:\/\/tierrechtsbund-aktiv.de\/wp\/index.php?rest_route=\/wp\/v2\/posts\/1600\/revisions\/1609"}],"wp:attachment":[{"href":"https:\/\/tierrechtsbund-aktiv.de\/wp\/index.php?rest_route=%2Fwp%2Fv2%2Fmedia&parent=1600"}],"wp:term":[{"taxonomy":"category","embeddable":true,"href":"https:\/\/tierrechtsbund-aktiv.de\/wp\/index.php?rest_route=%2Fwp%2Fv2%2Fcategories&post=1600"},{"taxonomy":"post_tag","embeddable":true,"href":"https:\/\/tierrechtsbund-aktiv.de\/wp\/index.php?rest_route=%2Fwp%2Fv2%2Ftags&post=1600"}],"curies":[{"name":"wp","href":"https:\/\/api.w.org\/{rel}","templated":true}]}}