{"id":906,"date":"2020-02-10T14:29:00","date_gmt":"2020-02-10T14:29:00","guid":{"rendered":"http:\/\/tierrechtsbund-aktiv.de\/wp\/?p=906"},"modified":"2021-04-04T14:39:08","modified_gmt":"2021-04-04T14:39:08","slug":"tierzirkus-nein-danke","status":"publish","type":"post","link":"https:\/\/tierrechtsbund-aktiv.de\/wp\/?p=906","title":{"rendered":"Tierzirkus? Nein, Danke!"},"content":{"rendered":"\n<p class=\"wp-block-paragraph\">Circus Belly kommt nach Bremen.Es ist wieder soweit. Jedes Jahr beginnt die Saison fr\u00fcher, wird durch sogenannte Weihnachtszirkusse verl\u00e4ngert, alles mit dem Ziel, das Winterquartier einzusparen, welches eigentlich Voraussetzung f\u00fcr die Genehmigung eines Zirkus mit Wildtieren ist.Das alles bringt den Sklaven der Manege unendliche zus\u00e4tzliche Belastungen. Also Tierzirkus? Nein Danke! Nicht hingehen, und zu Belly schon mal gar nicht.<\/p>\n\n\n\n<figure class=\"wp-block-image size-large\"><img loading=\"lazy\" decoding=\"async\" width=\"724\" height=\"1024\" src=\"http:\/\/tierrechtsbund-aktiv.de\/wp\/wp-content\/uploads\/2021\/04\/86191089_3768272496548198_685956545468432384_n-724x1024.jpg\" alt=\"\" class=\"wp-image-907\" srcset=\"https:\/\/tierrechtsbund-aktiv.de\/wp\/wp-content\/uploads\/2021\/04\/86191089_3768272496548198_685956545468432384_n-724x1024.jpg 724w, https:\/\/tierrechtsbund-aktiv.de\/wp\/wp-content\/uploads\/2021\/04\/86191089_3768272496548198_685956545468432384_n-212x300.jpg 212w, https:\/\/tierrechtsbund-aktiv.de\/wp\/wp-content\/uploads\/2021\/04\/86191089_3768272496548198_685956545468432384_n-768x1086.jpg 768w, https:\/\/tierrechtsbund-aktiv.de\/wp\/wp-content\/uploads\/2021\/04\/86191089_3768272496548198_685956545468432384_n-1086x1536.jpg 1086w, https:\/\/tierrechtsbund-aktiv.de\/wp\/wp-content\/uploads\/2021\/04\/86191089_3768272496548198_685956545468432384_n.jpg 1316w\" sizes=\"auto, (max-width: 724px) 100vw, 724px\" \/><\/figure>\n","protected":false},"excerpt":{"rendered":"<p>Circus Belly kommt nach Bremen.Es ist wieder soweit. Jedes Jahr beginnt die Saison fr\u00fcher, wird durch sogenannte Weihnachtszirkusse verl\u00e4ngert, alles mit dem Ziel, das Winterquartier &hellip; <\/p>\n","protected":false},"author":1,"featured_media":907,"comment_status":"closed","ping_status":"open","sticky":false,"template":"","format":"standard","meta":{"_crdt_document":"","footnotes":""},"categories":[3,28],"tags":[],"class_list":["post-906","post","type-post","status-publish","format-standard","has-post-thumbnail","hentry","category-news","category-zirkus"],"_links":{"self":[{"href":"https:\/\/tierrechtsbund-aktiv.de\/wp\/index.php?rest_route=\/wp\/v2\/posts\/906","targetHints":{"allow":["GET"]}}],"collection":[{"href":"https:\/\/tierrechtsbund-aktiv.de\/wp\/index.php?rest_route=\/wp\/v2\/posts"}],"about":[{"href":"https:\/\/tierrechtsbund-aktiv.de\/wp\/index.php?rest_route=\/wp\/v2\/types\/post"}],"author":[{"embeddable":true,"href":"https:\/\/tierrechtsbund-aktiv.de\/wp\/index.php?rest_route=\/wp\/v2\/users\/1"}],"replies":[{"embeddable":true,"href":"https:\/\/tierrechtsbund-aktiv.de\/wp\/index.php?rest_route=%2Fwp%2Fv2%2Fcomments&post=906"}],"version-history":[{"count":1,"href":"https:\/\/tierrechtsbund-aktiv.de\/wp\/index.php?rest_route=\/wp\/v2\/posts\/906\/revisions"}],"predecessor-version":[{"id":908,"href":"https:\/\/tierrechtsbund-aktiv.de\/wp\/index.php?rest_route=\/wp\/v2\/posts\/906\/revisions\/908"}],"wp:featuredmedia":[{"embeddable":true,"href":"https:\/\/tierrechtsbund-aktiv.de\/wp\/index.php?rest_route=\/wp\/v2\/media\/907"}],"wp:attachment":[{"href":"https:\/\/tierrechtsbund-aktiv.de\/wp\/index.php?rest_route=%2Fwp%2Fv2%2Fmedia&parent=906"}],"wp:term":[{"taxonomy":"category","embeddable":true,"href":"https:\/\/tierrechtsbund-aktiv.de\/wp\/index.php?rest_route=%2Fwp%2Fv2%2Fcategories&post=906"},{"taxonomy":"post_tag","embeddable":true,"href":"https:\/\/tierrechtsbund-aktiv.de\/wp\/index.php?rest_route=%2Fwp%2Fv2%2Ftags&post=906"}],"curies":[{"name":"wp","href":"https:\/\/api.w.org\/{rel}","templated":true}]}}